{"id":209,"date":"2025-12-01T23:40:37","date_gmt":"2025-12-01T22:40:37","guid":{"rendered":"https:\/\/flywithnessa.de\/?p=209"},"modified":"2025-12-01T23:50:43","modified_gmt":"2025-12-01T22:50:43","slug":"wies-weiterging-berlin-du-liebe-teil-2","status":"publish","type":"post","link":"https:\/\/flywithnessa.de\/?p=209","title":{"rendered":"Wie\u2019s weiterging \u2013 Berlin, du Liebe (Teil 2)"},"content":{"rendered":"\n<p><\/p>\n\n\n\n<h3 class=\"wp-block-heading\"><em>Mein 1. Jahr in Berlin<\/em><\/h3>\n\n\n\n<p>Nach meinem Start in Berlin wurde 2021 noch wilder, sch\u00f6ner und \u00fcberraschender.<br>Hier kommt Teil 2 meines ersten Jahres \u2013 mit allem, was ich erlebt habe. \ud83d\udc9b<\/p>\n\n\n\n<hr class=\"wp-block-separator has-alpha-channel-opacity\"\/>\n\n\n\n<h2 class=\"wp-block-heading\"><strong>Gesundheit, Charit\u00e9 &amp; erste Schritte<\/strong><\/h2>\n\n\n\n<p>Und dann hab ich auch&nbsp;<strong>Ende des Jahres<\/strong>&nbsp;angefangen, mich um meine&nbsp;<strong>Lippen-Kiefer-Gaumenspalte<\/strong>&nbsp;zu k\u00fcmmern (<a href=\"https:\/\/flywithnessa.de\/?p=145\">Link<\/a> zu dem Blogeintrag&nbsp;<em>\u201eMein Gesicht. Meine Geschichte.\u201c<\/em>).<br>Ich war zum ersten Mal in der&nbsp;<strong>Charit\u00e9<\/strong>&nbsp;\u2013 die haben da eine ganze Abteilung, die nur daf\u00fcr zust\u00e4ndig ist. Find ich bemerkenswert und ich f\u00fchle mich da auch sehr gut beraten. \ud83c\udfe5<\/p>\n\n\n\n<hr class=\"wp-block-separator has-alpha-channel-opacity\"\/>\n\n\n\n<h2 class=\"wp-block-heading\"><strong>Podcasts, Umfragen &amp; Musik<\/strong><\/h2>\n\n\n\n<p>Dann kam der&nbsp;<strong>n\u00e4chste Podcast<\/strong>&nbsp;\u2013 eine Umfrage der&nbsp;<strong>Uni G\u00f6ttingen<\/strong>&nbsp;zum Thema&nbsp;<em>\u201ePsychosoziale Verunsicherung im Sportunterricht\u201c<\/em>.<br>Das war auch spannend, aber ich glaube, die Umfrage kam nie raus. \ud83d\ude00<\/p>\n\n\n\n<p>Mein&nbsp;<strong>1. Konzert<\/strong>&nbsp;kam dann auch super fix \u2013&nbsp;<strong>Systemabsturz auf der c-base<\/strong>.<br>Legend\u00e4rer Abend, und ich durfte sogar mithelfen, damit alles glatt l\u00e4uft.<br>H\u00f6rt da auf jeden Fall mal rein \u2013 die sind toll! \ud83c\udfb6<\/p>\n\n\n\n<hr class=\"wp-block-separator has-alpha-channel-opacity\"\/>\n\n\n\n<h2 class=\"wp-block-heading\"><strong>Joblife am Hauptbahnhof<\/strong><\/h2>\n\n\n\n<p><strong>Ende 2021<\/strong>&nbsp;kam mein&nbsp;<strong>2. Job<\/strong>&nbsp;\u2013 am&nbsp;<strong>Hauptbahnhof<\/strong>, im&nbsp;<strong>Kiosk<\/strong>.<br>Schichtbeginn: 04:30 Uhr (!!).<br>Sp\u00e4tschicht: bis 22:00 Uhr.<br>Das war eine sehr pr\u00e4gende Zeit und hat mir unfassbar viel&nbsp;<strong>Selbstbewusstsein<\/strong>&nbsp;gegeben \u2013 aber das braucht man da auch!<br>Aiaiai \u2013 vielleicht mach ich dazu mal einen eigenen Blogbeitrag.<br>Die&nbsp;<strong>Arbeitszeiten<\/strong>&nbsp;waren echt nicht sch\u00f6n. \ud83d\ude05<\/p>\n\n\n\n<hr class=\"wp-block-separator has-alpha-channel-opacity\"\/>\n\n\n\n<h2 class=\"wp-block-heading\"><strong>Kuriose Orte &amp; besondere Begegnungen<\/strong><\/h2>\n\n\n\n<p>Berlin hat ja viele kuriose Orte \u2013 also durfte auch ne\u00a0<strong>P*enis-Waffel<\/strong>\u00a0nicht fehlen.<\/p>\n\n\n\n<p><strong>UND JETZT KOMMTS:<\/strong><br>Der Tag, an dem ich&nbsp;<strong>Bela B<\/strong>&nbsp;traf (omg!!).<br>Anfang Dezember, im&nbsp;<strong>Kino International<\/strong>, bei einer&nbsp;<strong>Lesung von \u201eKummer im Westen\u201c<\/strong>&nbsp;von Alexander K\u00fchne.<br>Bela war als Gast da, und drau\u00dfen hat er uns verraten,&nbsp;<strong>mit welchem Zug<\/strong>,&nbsp;<strong>an welchem Gleis<\/strong>&nbsp;und&nbsp;<strong>wann<\/strong>&nbsp;er am Hbf auf den Zug nach Hamburg wartet.<\/p>\n\n\n\n<p>Ganz klar ne Einladung, oder?! \ud83d\ude0f<br>Also sind wir losged\u00fcst.<\/p>\n\n\n\n<p>Und da kam er dann \u2013 l\u00e4chelnd und winkend.<br>Super sympathisch. Ach, das war so toll!\ud83d\udda4<\/p>\n\n\n\n<hr class=\"wp-block-separator has-alpha-channel-opacity\"\/>\n\n\n\n<h2 class=\"wp-block-heading\"><strong>Stand-Up &amp; Feiertage<\/strong><\/h2>\n\n\n\n<p>Dann hab ich&nbsp;<strong>Stand-Up Comedy<\/strong>&nbsp;f\u00fcr mich entdeckt.<br>Eine Show von&nbsp;<strong>Moritz Hohl<\/strong>&nbsp;im&nbsp;<strong>Comedyflash<\/strong>&nbsp;und&nbsp;<strong>MadMonkeyRoom<\/strong>.<br>Super witzig \u2013 und danach kamen noch viele weitere Abende.\ud83c\udfa4<\/p>\n\n\n\n<p>Und schon hatten wir&nbsp;<strong>Weihnachten<\/strong>&nbsp;\u2013 mein erstes in Berlin.<br>Kann ich wenig zu sagen \u2013 ist nicht so meine Zeit. \ud83c\udf84\ud83d\ude05<\/p>\n\n\n\n<hr class=\"wp-block-separator has-alpha-channel-opacity\"\/>\n\n\n\n<h2 class=\"wp-block-heading\"><strong>Neues Jahr, Geburtstag &amp; gro\u00dfe B\u00fchnen<\/strong><\/h2>\n\n\n\n<p><strong>Neues Jahr \u2013 neuer Geburtstag.<\/strong><br>Mein&nbsp;<strong>1. Geburtstag in Berlin<\/strong>: 22 Jahre alt.<br>War ein sch\u00f6ner Abend!&nbsp;\ud83c\udf82<\/p>\n\n\n\n<p>Dann eines meiner absoluten&nbsp;<strong>Highlights<\/strong>:<br><strong>Friedrichstadtpalast \u2013 Grandshow ARISE<\/strong>.<br>Ich hab noch nichts gesehen, was an die Leistung der T\u00e4nzer<em>innen, S\u00e4nger<\/em>innen und Schauspieler*innen rankommt.<br>WOW. Einfach nur wow.<\/p>\n\n\n\n<p>Diese B\u00fchne!<br>Die T\u00e4nzer*innen gehen einen Schritt zur\u00fcck \u2013 und pl\u00f6tzlich ist da ein Pool?!<br>Ich bin so beeindruckt (merkt man gar nicht).&nbsp;\ud83c\udf1f<\/p>\n\n\n\n<hr class=\"wp-block-separator has-alpha-channel-opacity\"\/>\n\n\n\n<h2 class=\"wp-block-heading\"><strong>Tattoos, Polizei &amp; Python<\/strong><\/h2>\n\n\n\n<p>Dann gab\u2019s&nbsp;<strong>Tattoos<\/strong>&nbsp;\u2013 zwei St\u00fcck.<br>Einmal f\u00fcr&nbsp;<strong>Die \u00c4rzte<\/strong>&nbsp;\u2764\ufe0f<br>und Herzen, die meine&nbsp;<strong>Eltern und Gro\u00dfeltern<\/strong>&nbsp;gezeichnet haben.<\/p>\n\n\n\n<p>Ende des Jahres hab ich angefangen,&nbsp;<strong>Python<\/strong>&nbsp;zu lernen (ja \u2013 die Programmiersprache \ud83d\udc0d).<br>Und ich musste zur&nbsp;<strong>Polizei<\/strong>, um eine&nbsp;<strong>Zeugenaussage<\/strong>&nbsp;zu machen.<br>(Spannende Story, aber die heb ich mir f\u00fcr sp\u00e4ter auf :D.)<\/p>\n\n\n\n<hr class=\"wp-block-separator has-alpha-channel-opacity\"\/>\n\n\n\n<h2 class=\"wp-block-heading\"><strong>Fazit<\/strong><\/h2>\n\n\n\n<p>Mein Fazit?<br>Das war ein&nbsp;<strong>krasses Jahr<\/strong>&nbsp;und ich bin unendlich&nbsp;<strong>dankbar<\/strong>, das alles erlebt haben zu d\u00fcrfen.<br>So viele neue Sachen, neue Erlebnisse und ganz viele neue (mehr oder weniger tolle \u2013 lol) Menschen!<\/p>\n\n\n\n<p>Nat\u00fcrlich war nicht alles rosig, aber nach einem Scroll durch mein Instagram-Archiv f\u00fchlte es sich so an:<br>Die schlechten Tage waren halb so schlimm \u2013<br>die guten daf\u00fcr doppelt so sch\u00f6n. \ud83d\udcab<\/p>\n\n\n\n<figure class=\"wp-block-gallery has-nested-images columns-default is-cropped wp-block-gallery-1 is-layout-flex wp-block-gallery-is-layout-flex\">\n<figure class=\"wp-block-image size-large\"><img loading=\"lazy\" decoding=\"async\" width=\"819\" height=\"1024\" data-id=\"198\" src=\"https:\/\/flywithnessa.de\/wp-content\/uploads\/2025\/11\/471424091_1339377150383634_2735853333584467376_n-1-819x1024.jpg\" alt=\"\" class=\"wp-image-198\" srcset=\"https:\/\/flywithnessa.de\/wp-content\/uploads\/2025\/11\/471424091_1339377150383634_2735853333584467376_n-1-819x1024.jpg 819w, https:\/\/flywithnessa.de\/wp-content\/uploads\/2025\/11\/471424091_1339377150383634_2735853333584467376_n-1-240x300.jpg 240w, https:\/\/flywithnessa.de\/wp-content\/uploads\/2025\/11\/471424091_1339377150383634_2735853333584467376_n-1-768x960.jpg 768w, https:\/\/flywithnessa.de\/wp-content\/uploads\/2025\/11\/471424091_1339377150383634_2735853333584467376_n-1-1229x1536.jpg 1229w, https:\/\/flywithnessa.de\/wp-content\/uploads\/2025\/11\/471424091_1339377150383634_2735853333584467376_n-1.jpg 1440w\" sizes=\"auto, (max-width: 819px) 100vw, 819px\" \/><\/figure>\n\n\n\n<figure class=\"wp-block-image size-large\"><img loading=\"lazy\" decoding=\"async\" width=\"750\" height=\"928\" data-id=\"211\" src=\"https:\/\/flywithnessa.de\/wp-content\/uploads\/2025\/11\/IMG_6644.jpg\" alt=\"\" class=\"wp-image-211\" srcset=\"https:\/\/flywithnessa.de\/wp-content\/uploads\/2025\/11\/IMG_6644.jpg 750w, https:\/\/flywithnessa.de\/wp-content\/uploads\/2025\/11\/IMG_6644-242x300.jpg 242w\" sizes=\"auto, (max-width: 750px) 100vw, 750px\" \/><\/figure>\n\n\n\n<figure class=\"wp-block-image size-large\"><img loading=\"lazy\" decoding=\"async\" width=\"719\" height=\"1024\" data-id=\"213\" src=\"https:\/\/flywithnessa.de\/wp-content\/uploads\/2025\/11\/IMG_6647-719x1024.jpg\" alt=\"\" class=\"wp-image-213\" srcset=\"https:\/\/flywithnessa.de\/wp-content\/uploads\/2025\/11\/IMG_6647-719x1024.jpg 719w, https:\/\/flywithnessa.de\/wp-content\/uploads\/2025\/11\/IMG_6647-211x300.jpg 211w, https:\/\/flywithnessa.de\/wp-content\/uploads\/2025\/11\/IMG_6647.jpg 750w\" sizes=\"auto, (max-width: 719px) 100vw, 719px\" \/><\/figure>\n\n\n\n<figure class=\"wp-block-image size-large\"><img loading=\"lazy\" decoding=\"async\" width=\"750\" height=\"793\" data-id=\"210\" src=\"https:\/\/flywithnessa.de\/wp-content\/uploads\/2025\/11\/IMG_6645.jpg\" alt=\"\" class=\"wp-image-210\" srcset=\"https:\/\/flywithnessa.de\/wp-content\/uploads\/2025\/11\/IMG_6645.jpg 750w, https:\/\/flywithnessa.de\/wp-content\/uploads\/2025\/11\/IMG_6645-284x300.jpg 284w\" sizes=\"auto, (max-width: 750px) 100vw, 750px\" \/><\/figure>\n\n\n\n<figure class=\"wp-block-image size-large\"><img loading=\"lazy\" decoding=\"async\" width=\"750\" height=\"1003\" data-id=\"212\" src=\"https:\/\/flywithnessa.de\/wp-content\/uploads\/2025\/11\/IMG_6646.jpg\" alt=\"\" class=\"wp-image-212\" srcset=\"https:\/\/flywithnessa.de\/wp-content\/uploads\/2025\/11\/IMG_6646.jpg 750w, https:\/\/flywithnessa.de\/wp-content\/uploads\/2025\/11\/IMG_6646-224x300.jpg 224w\" sizes=\"auto, (max-width: 750px) 100vw, 750px\" \/><\/figure>\n\n\n\n<figure class=\"wp-block-image size-large\"><img loading=\"lazy\" decoding=\"async\" width=\"718\" height=\"1024\" data-id=\"214\" src=\"https:\/\/flywithnessa.de\/wp-content\/uploads\/2025\/11\/IMG_6648-718x1024.jpg\" alt=\"\" class=\"wp-image-214\" srcset=\"https:\/\/flywithnessa.de\/wp-content\/uploads\/2025\/11\/IMG_6648-718x1024.jpg 718w, https:\/\/flywithnessa.de\/wp-content\/uploads\/2025\/11\/IMG_6648-210x300.jpg 210w, https:\/\/flywithnessa.de\/wp-content\/uploads\/2025\/11\/IMG_6648.jpg 750w\" sizes=\"auto, (max-width: 718px) 100vw, 718px\" \/><\/figure>\n<\/figure>\n","protected":false},"excerpt":{"rendered":"<p>Mein 1. Jahr in Berlin Nach meinem Start in Berlin wurde 2021 noch wilder, sch\u00f6ner und \u00fcberraschender.Hier kommt Teil 2 meines ersten Jahres \u2013 mit allem, was ich erlebt habe. \ud83d\udc9b Gesundheit, Charit\u00e9 &amp; erste Schritte Und dann hab ich auch&nbsp;Ende des Jahres&nbsp;angefangen, mich um meine&nbsp;Lippen-Kiefer-Gaumenspalte&nbsp;zu k\u00fcmmern (Link zu dem Blogeintrag&nbsp;\u201eMein Gesicht. Meine Geschichte.\u201c).Ich war [&hellip;]<\/p>\n","protected":false},"author":1,"featured_media":0,"comment_status":"closed","ping_status":"open","sticky":false,"template":"","format":"standard","meta":{"footnotes":""},"categories":[1],"tags":[],"class_list":["post-209","post","type-post","status-publish","format-standard","hentry","category-allgemein"],"_links":{"self":[{"href":"https:\/\/flywithnessa.de\/index.php?rest_route=\/wp\/v2\/posts\/209","targetHints":{"allow":["GET"]}}],"collection":[{"href":"https:\/\/flywithnessa.de\/index.php?rest_route=\/wp\/v2\/posts"}],"about":[{"href":"https:\/\/flywithnessa.de\/index.php?rest_route=\/wp\/v2\/types\/post"}],"author":[{"embeddable":true,"href":"https:\/\/flywithnessa.de\/index.php?rest_route=\/wp\/v2\/users\/1"}],"replies":[{"embeddable":true,"href":"https:\/\/flywithnessa.de\/index.php?rest_route=%2Fwp%2Fv2%2Fcomments&post=209"}],"version-history":[{"count":2,"href":"https:\/\/flywithnessa.de\/index.php?rest_route=\/wp\/v2\/posts\/209\/revisions"}],"predecessor-version":[{"id":217,"href":"https:\/\/flywithnessa.de\/index.php?rest_route=\/wp\/v2\/posts\/209\/revisions\/217"}],"wp:attachment":[{"href":"https:\/\/flywithnessa.de\/index.php?rest_route=%2Fwp%2Fv2%2Fmedia&parent=209"}],"wp:term":[{"taxonomy":"category","embeddable":true,"href":"https:\/\/flywithnessa.de\/index.php?rest_route=%2Fwp%2Fv2%2Fcategories&post=209"},{"taxonomy":"post_tag","embeddable":true,"href":"https:\/\/flywithnessa.de\/index.php?rest_route=%2Fwp%2Fv2%2Ftags&post=209"}],"curies":[{"name":"wp","href":"https:\/\/api.w.org\/{rel}","templated":true}]}}