{"id":234,"date":"2026-01-15T21:48:28","date_gmt":"2026-01-15T20:48:28","guid":{"rendered":"https:\/\/flywithnessa.de\/?p=234"},"modified":"2026-01-16T02:41:10","modified_gmt":"2026-01-16T01:41:10","slug":"der-tag-an-dem-ein-teil-von-mir-starb","status":"publish","type":"post","link":"https:\/\/flywithnessa.de\/?p=234","title":{"rendered":"Der Tag, an dem ein Teil von mir starb"},"content":{"rendered":"\n<p><\/p>\n\n\n\n<p><em>TW: Tod, Verlust und Trauer<\/em><\/p>\n\n\n\n<p>Vorab: Ich wei\u00df, wieder so ein ernstes Thema. Aber es ist mir wichtig \u2013 und das hier ist mein Blog.<\/p>\n\n\n\n<p>Heute ist der&nbsp;<strong>15.01.2026<\/strong>. Der 15.01. ist f\u00fcr mich immer ein ganz besonderer Tag. Besonders schwer.<br>Vor genau&nbsp;<strong>15 Jahren<\/strong>&nbsp;ist mein Opa gestorben.<\/p>\n\n\n\n<p>Mein Opa war f\u00fcr mich eine ganz besondere Person \u2013 die wichtigste zu diesem Zeitpunkt. Als er starb, starb auch etwas in mir, und ich hatte das Gef\u00fchl, meine Kindheit sei jetzt vorbei. Die meisten sch\u00f6nen Erlebnisse hatte ich mit ihm und bei ihm. Nicht umsonst habe ich mir, sobald ich 18 wurde, ein Tattoo f\u00fcr ihn stechen lassen \u2013 eines, das ich mir schon mit 11 gew\u00fcnscht hatte: ein Anker (er war Seemann) mit seinem Namen integriert.<br>Noch heute f\u00fchle ich mich ihm besonders nah, wenn ich auf dem Wasser bin.<\/p>\n\n\n\n<p>Ich war noch sehr jung \u2013 11 Jahre alt \u2013 und ich kann mich nicht mehr an viel erinnern (auch durch die Sch\u00e4den der Epilepsie). Seine Stimme habe ich schon lange vergessen. Auch wenn es weh tut, ist das wohl normal.<\/p>\n\n\n\n<p>Mein Opa hatte immer diese wei\u00dfen Bonbons mit Eukalyptus auf seinem Tisch im Wohnzimmer stehen. Ich wei\u00df noch, dass ich abends auch mal eins, zwei oder sogar drei heimlich naschen durfte \u2013 hehe.<br>Und mein Opa hatte Fische. Viele. Aber am pr\u00e4gnantesten haben sich die Neonfische in mein Gehirn gebrannt. Sobald ich heute solche Fische sehe, ist mein erster Gedanke: mein Opa.<\/p>\n\n\n\n<p>Ich muss oft an ihn denken. Das macht es nicht einfacher. Es w\u00e4re so sch\u00f6n, ihn noch einmal zu h\u00f6ren und zu wissen, was er dazu sagen w\u00fcrde, wie ich heute lebe. Ich wei\u00df, er w\u00e4re stolz auf mich \u2013 auf meinen Umzug nach Berlin und auf all das Sch\u00f6ne und Schlimme, das seitdem passiert ist.<\/p>\n\n\n\n<p>Ich kann mich noch genau daran erinnern: An Heiligabend 2010 kam er ins Krankenhaus. Mein Opa\u00a0<strong>war<\/strong>\u00a0Weihnachten f\u00fcr mich. Er hat Weihnachten zu dem gemacht, was es f\u00fcr die meisten von euch ist \u2013 ein Fest der Familie. Danach war Weihnachten nicht mehr dasselbe, und ich feiere es auch nicht mehr.<\/p>\n\n\n\n<p>Ab Heiligabend habe ich keine Erinnerungen mehr. Ich wei\u00df nicht mehr, wann und wie ich erfahren habe, dass er gestorben ist. Und vielleicht ist das auch besser so. Ich muss ja sowieso st\u00e4ndig an ihn denken \u2013 und dass es haupts\u00e4chlich die sch\u00f6nen Dinge sind, macht es weniger schlimm. Oder so.<\/p>\n\n\n\n<p>Danach hat sich vieles ver\u00e4ndert. Meine Sicht auf das Leben, auf Weihnachten, und meine Kindheit war irgendwie beendet. Meine Familie war nach dem Tod meines Onkels auch nicht mehr die, die sie einmal war. Wir haben alle darunter gelitten und sind daran zerbrochen.<\/p>\n\n\n\n<p>Mein Opi hat mich immer so genommen, wie ich bin. Ihm war egal, wie ich aussah oder ob ich irgendetwas gut konnte oder nicht. Ich war einfach seine Enkelin, und das reichte ihm, um mich abg\u00f6ttisch zu lieben.<\/p>\n\n\n\n<p>Dass ich nicht auf seiner Beerdigung war, zerbricht mich heute sehr. Ich konnte nie richtig Abschied nehmen und kann manchmal gar nicht glauben, dass er wirklich nicht mehr da ist \u2013 vielleicht l\u00e4uft er ja irgendwo herum? Ich wei\u00df, das ist Quatsch. Aber ich habe bei anderen Beerdigungen gemerkt, wie wichtig mir dieser Abschluss ist.<\/p>\n\n\n\n<p>Naja. Ich denke,&nbsp;<em>all is said and done<\/em>.<\/p>\n\n\n\n<p>Dieser Blogbeitrag war mir noch wichtig.<br>Ob es hier weitergeht? Ich wei\u00df es nicht. 2026 bringt viele neue M\u00f6glichkeiten f\u00fcr mich.<br>Wenn es weitergeht, dann im neuen Design.<br>Bis dahin folgt mir gern auf meinen sozialen Medien.&nbsp;<a href=\"https:\/\/flywithnessa.de\/?page_id=10\" data-type=\"link\" data-id=\"https:\/\/flywithnessa.de\/?page_id=10\">Hier gehts zu meinen Socialmedia Profilen.<\/a> <\/p>\n\n\n\n<figure class=\"wp-block-image size-large\"><img loading=\"lazy\" decoding=\"async\" width=\"783\" height=\"1024\" src=\"https:\/\/flywithnessa.de\/wp-content\/uploads\/2026\/01\/IMG_7862-783x1024.jpg\" alt=\"\" class=\"wp-image-235\" srcset=\"https:\/\/flywithnessa.de\/wp-content\/uploads\/2026\/01\/IMG_7862-783x1024.jpg 783w, https:\/\/flywithnessa.de\/wp-content\/uploads\/2026\/01\/IMG_7862-229x300.jpg 229w, https:\/\/flywithnessa.de\/wp-content\/uploads\/2026\/01\/IMG_7862-768x1004.jpg 768w, https:\/\/flywithnessa.de\/wp-content\/uploads\/2026\/01\/IMG_7862.jpg 826w\" sizes=\"auto, (max-width: 783px) 100vw, 783px\" \/><\/figure>\n","protected":false},"excerpt":{"rendered":"<p>TW: Tod, Verlust und Trauer Vorab: Ich wei\u00df, wieder so ein ernstes Thema. Aber es ist mir wichtig \u2013 und das hier ist mein Blog. Heute ist der&nbsp;15.01.2026. Der 15.01. ist f\u00fcr mich immer ein ganz besonderer Tag. Besonders schwer.Vor genau&nbsp;15 Jahren&nbsp;ist mein Opa gestorben. Mein Opa war f\u00fcr mich eine ganz besondere Person \u2013 [&hellip;]<\/p>\n","protected":false},"author":1,"featured_media":0,"comment_status":"closed","ping_status":"open","sticky":false,"template":"","format":"standard","meta":{"footnotes":""},"categories":[1],"tags":[],"class_list":["post-234","post","type-post","status-publish","format-standard","hentry","category-allgemein"],"_links":{"self":[{"href":"https:\/\/flywithnessa.de\/index.php?rest_route=\/wp\/v2\/posts\/234","targetHints":{"allow":["GET"]}}],"collection":[{"href":"https:\/\/flywithnessa.de\/index.php?rest_route=\/wp\/v2\/posts"}],"about":[{"href":"https:\/\/flywithnessa.de\/index.php?rest_route=\/wp\/v2\/types\/post"}],"author":[{"embeddable":true,"href":"https:\/\/flywithnessa.de\/index.php?rest_route=\/wp\/v2\/users\/1"}],"replies":[{"embeddable":true,"href":"https:\/\/flywithnessa.de\/index.php?rest_route=%2Fwp%2Fv2%2Fcomments&post=234"}],"version-history":[{"count":2,"href":"https:\/\/flywithnessa.de\/index.php?rest_route=\/wp\/v2\/posts\/234\/revisions"}],"predecessor-version":[{"id":238,"href":"https:\/\/flywithnessa.de\/index.php?rest_route=\/wp\/v2\/posts\/234\/revisions\/238"}],"wp:attachment":[{"href":"https:\/\/flywithnessa.de\/index.php?rest_route=%2Fwp%2Fv2%2Fmedia&parent=234"}],"wp:term":[{"taxonomy":"category","embeddable":true,"href":"https:\/\/flywithnessa.de\/index.php?rest_route=%2Fwp%2Fv2%2Fcategories&post=234"},{"taxonomy":"post_tag","embeddable":true,"href":"https:\/\/flywithnessa.de\/index.php?rest_route=%2Fwp%2Fv2%2Ftags&post=234"}],"curies":[{"name":"wp","href":"https:\/\/api.w.org\/{rel}","templated":true}]}}